{"id":11593,"date":"2026-09-02T17:58:29","date_gmt":"2026-09-02T15:58:29","guid":{"rendered":"https:\/\/www.edisons.nl\/jazz\/?p=11593"},"modified":"2026-09-02T17:03:24","modified_gmt":"2026-09-02T15:03:24","slug":"genomineerden-edisons-jazz-en-klassiek-2026-bekend","status":"publish","type":"post","link":"https:\/\/www.edisons.nl\/jazz\/nieuws\/genomineerden-edisons-jazz-en-klassiek-2026-bekend\/","title":{"rendered":"Genomineerden Edisons Jazz en Klassiek 2026 bekend"},"content":{"rendered":"<p style=\"font-weight: 400;\"><strong>De genomineerden van de (in totaal) 13 Edison Jazz en Klassiek jury-categorie\u00ebn zijn bekend. In de categorie Nieuwkomer zijn de Nederlandse talenten Fee Aaij, Animato Quartet, Daan Kluwer en Shane van Neerden te vinden. Op 25 oktober zullen de bronzen beeldjes van Pieter d\u2019Hont worden overhandigd. Op 26 augustus werden de kandidaten voor de Edison Jazz en Edison Klassiek Publieksprijzen bekendgemaakt. Op deze kandidaten kan tot 1 oktober <\/strong><a href=\"https:\/\/www.edisons.nl\/\">gestemd<\/a><strong> worden.<\/strong><\/p>\n<p>Alle genomineerde producties verschenen in de periode 1 april 2025 tot 1 april 2026. De nominaties zijn door onafhankelijke vakjury\u2019s toegekend op basis van artistieke waarde en opnamekwaliteit. De jury van Edisons Klassiek bestaat uit Kenne Peters (voorzitter), Carine Hartman, Joost Galema, Frederike Berntsen, Jeroen Smits en Marian van der Meer. De jury van Edisons Jazz bestaat dit jaar uit Frank Bolder (voorzitter), Mischa Andriessen, Marieke Meischke, Sakti Kehdoe en Martine van Zelst.\u00a0<\/p>\n<p style=\"font-weight: 400;\">De Edisons is de hoogste onderscheiding in de Nederlandse muziekindustrie en, na de\u00a0Grammy&#8217;s, de oudste muziekprijs ter wereld. Sinds het debuut in 1960 vertegenwoordigt een Edison artistieke uitmuntendheid.<\/p>\n<p style=\"font-weight: 400;\">Met het rijke erfgoed, de onafhankelijke vakjury<strong>\u00a0<\/strong>en toewijding aan kwaliteit zijn de Edisons een vertrouwde autoriteit geworden voor muziekliefhebbers.<\/p>\n<p style=\"font-weight: 400;\">\u00a0\u00a0\u00a0\u00a0\u00a0\u00a0\u00a0\u00a0\u00a0\u00a0\u00a0\u00a0\u00a0\u00a0\u00a0\u00a0\u00a0\u00a0\u00a0\u00a0\u00a0\u00a0<\/p>\n<p style=\"font-weight: 400;\"><strong>Genomineerden Edisons Jazz 2026<\/strong><\/p>\n<p style=\"font-weight: 400;\">NATIONAAL<br \/>\nNu Art Orchestra \u2013 <em>The Tivoli Sessions #1<br \/>\n<\/em>Suzan Veneman \u2013 <em>The Art Of Letting Go<br \/>\n<\/em>WAAN \u2013 <em>We Want WAAN<\/em><\/p>\n<p style=\"font-weight: 400;\">NATIONAAL VOCAAL<br \/>\nFay Claassen \u2013 <em>SOULPRINT<br \/>\n<\/em>Idema \/ Serierse Quartet \u2013 <em>Serenade in Blue<br \/>\n<\/em>Paradox Jazz Orchestra, Jasper Staps, Anna Serierse \u2013 <em>The Vocal Years<\/em><\/p>\n<p style=\"font-weight: 400;\">INTERNATIONAAL<br \/>\nCraig Taborn &#8211; <em>Dream Archives<br \/>\n<\/em>Hiromi feat. Sonicwonder \u2013 <em>Out There<br \/>\n<\/em>Pino Palladino &amp; Blake Mills \u2013 <em>That Wasn\u2019t A Dream<\/em><\/p>\n<p style=\"font-weight: 400;\">INTERNATIONAAL VOCAAL<br \/>\nKenny Baron \u2013 <em>Songbook<br \/>\n<\/em>Tyreek McDole \u2013 <em>Open Up Your Senses<br \/>\n<\/em>Youn Sun Nah \u2013 <em>Lost Pieces<\/em><\/p>\n<p style=\"font-weight: 400;\">GLOBAL<br \/>\nHarold L\u00f3pez-Nussa \u2013 <em>Nueva Timba<br \/>\n<\/em>Nawras Altaky \u2013 <em>Arise!<br \/>\n<\/em>Tinariwen \u2013 <em>Hoggar<\/em><em>\u00a0<\/em><\/p>\n<p style=\"font-weight: 400;\">NIEUWKOMER<br \/>\nAseo Friesacher \u2013 <em>WuWei &amp; The Art of Living<br \/>\n<\/em>Daan Kluwer \u2013 <em>The Life of Billy<br \/>\n<\/em>Fee Aaij \u2013 <em>I Am the Joker<\/em><\/p>\n<p>&nbsp;<\/p>\n<p style=\"font-weight: 400;\"><strong>Genomineerden Edisons Klassiek 2026<\/strong><\/p>\n<p style=\"font-weight: 400;\">VOCAAL<br \/>\nCapella Sollertia o.l.v. Johanna Soller \u2013 <em>Johann Ludwig<\/em> <em>Bach: The Leipzig Cantatas<br \/>\n<\/em>Estonian Philharmonic Chamber Choir, Concerto Copenhagen o.l.v. T\u00f5nu Kaljuste \u2013 Arvo P\u00e4rt: <em>\u2026Lente<br \/>\n<\/em>RIAS Kammerchor o.l.v. Justin Doyle \u2013 De Victoria: <em>Stella Maris<\/em><\/p>\n<p style=\"font-weight: 400;\">ORKEST<br \/>\nConcerto K\u00f6ln, Evgeni Sviridov &#8211; <em>Pantheon \u2013 Corelli\u2019s Orbit<br \/>\n<\/em>Estonia Festival Orchestra o.l.v. Paavo J\u00e4rvi \u2013<em> Arvo P\u00e4rt: Credo<br \/>\n<\/em>Koninklijk Concertgebouw Orkest o.l.v. Klaus M\u00e4kel<u>\u00e4<\/u> \u2013 <em>Mahler 8<\/em><\/p>\n<p style=\"font-weight: 400;\">KAMERMUZIEK<br \/>\nQuatuor Arod \u2013 <em>Haydn: String Quartets, Op.76<br \/>\n<\/em>Leonkoro Quartet \u2013 <em>Out of Vienna<br \/>\n<\/em>Quatuor \u00c9b\u00e8ne &amp; Belcea Quartet \u2013 <em>Enescu &amp; Mendelssohn Octets<\/em><\/p>\n<p style=\"font-weight: 400;\"><em>\u00a0<\/em>SOLIST VOCAAL<br \/>\nJulie Roset, Susan Manoff \u2013 <em>M\u2019a dit Amour<br \/>\n<\/em>Lucile Richardot, S\u00e9bastien Dauc\u00e9, Ensemble Correspondances \u2013 <em>Northern Light. Echoes from 17<sup>th<\/sup> Century<br \/>\n<\/em>Paul-Antoine B\u00e9nos-Djian, Le Consort \u2013 <em>Purcell: Begin the Song!<\/em><\/p>\n<p style=\"font-weight: 400;\">SOLIST INSTRUMENTAAL<br \/>\nAnastasia Kobekina \u2013 <em>Bach: Cello Suites<br \/>\n<\/em>Joost Willemze \u2013 <em>Rhapsodos<br \/>\n<\/em>Pierre-Laurent Aimard \u2013 <em>Kurt\u00e1g: J\u00e1t\u00e9kok<\/em><\/p>\n<p style=\"font-weight: 400;\">BUITENGEWOON KLASSIEK<br \/>\nBarbara Hanningan, David Chalmin, Katia &amp; Marielle Lab\u00e8que \u2013 <em>Electric Fields<br \/>\n<\/em>Hania Rani \u2013 <em>Non Fiction: Piano Concerto in Four Movements<br \/>\n<\/em>Thomas Dulfer \u2013 <em>Palpitations<\/em><\/p>\n<p style=\"font-weight: 400;\">NIEUWKOMER<br \/>\nAnimato Quartet \u2013 <em>Longing<br \/>\n<\/em>Ensemble Tamuz \u2013 <em>String Quintets Op. 72 &amp; 61<br \/>\n<\/em>Shane van Neerden \u2013 <em>Each and All<\/em>\u00a0\u00a0\u00a0<\/p>\n","protected":false},"excerpt":{"rendered":"<p>De genomineerden van de (in totaal) 13 Edison Jazz en Klassiek jury-categorie\u00ebn zijn bekend. In de categorie Nieuwkomer zijn de Nederlandse talenten Fee Aaij, Animato Quartet, Daan Kluwer en Shane van Neerden te vinden. Op 25 oktober zullen de bronzen beeldjes van Pieter d\u2019Hont worden overhandigd. Op 26 augustus werden de kandidaten voor de Edison&#8230;<\/p>\n","protected":false},"author":5,"featured_media":0,"comment_status":"open","ping_status":"closed","sticky":false,"template":"","format":"standard","meta":{"_acf_changed":false,"footnotes":""},"categories":[3],"tags":[],"class_list":["post-11593","post","type-post","status-publish","format-standard","hentry","category-nieuws"],"acf":[],"yoast_head":"<!-- This site is optimized with the Yoast SEO plugin v27.5 - https:\/\/yoast.com\/product\/yoast-seo-wordpress\/ -->\n<title>Genomineerden Edisons Jazz en Klassiek 2026 bekend - Edison Jazz\/World<\/title>\n<meta name=\"robots\" content=\"index, follow, max-snippet:-1, max-image-preview:large, max-video-preview:-1\" \/>\n<link rel=\"canonical\" href=\"https:\/\/www.edisons.nl\/jazz\/nieuws\/genomineerden-edisons-jazz-en-klassiek-2026-bekend\/\" \/>\n<meta property=\"og:locale\" content=\"nl_NL\" \/>\n<meta property=\"og:type\" content=\"article\" \/>\n<meta property=\"og:title\" content=\"Genomineerden Edisons Jazz en Klassiek 2026 bekend - Edison Jazz\/World\" \/>\n<meta property=\"og:description\" content=\"De genomineerden van de (in totaal) 13 Edison Jazz en Klassiek jury-categorie\u00ebn zijn bekend. In de categorie Nieuwkomer zijn de Nederlandse talenten Fee Aaij, Animato Quartet, Daan Kluwer en Shane van Neerden te vinden. Op 25 oktober zullen de bronzen beeldjes van Pieter d\u2019Hont worden overhandigd. Op 26 augustus werden de kandidaten voor de Edison...\" \/>\n<meta property=\"og:url\" content=\"https:\/\/www.edisons.nl\/jazz\/nieuws\/genomineerden-edisons-jazz-en-klassiek-2026-bekend\/\" \/>\n<meta property=\"og:site_name\" content=\"Edison Jazz\/World\" \/>\n<meta property=\"article:published_time\" content=\"2026-09-02T15:58:29+00:00\" \/>\n<meta name=\"author\" content=\"sonja\" \/>\n<meta name=\"twitter:card\" content=\"summary_large_image\" \/>\n<meta name=\"twitter:label1\" content=\"Geschreven door\" \/>\n\t<meta name=\"twitter:data1\" content=\"sonja\" \/>\n\t<meta name=\"twitter:label2\" content=\"Geschatte leestijd\" \/>\n\t<meta name=\"twitter:data2\" content=\"3 minuten\" \/>\n<script type=\"application\/ld+json\" class=\"yoast-schema-graph\">{\"@context\":\"https:\\\/\\\/schema.org\",\"@graph\":[{\"@type\":\"Article\",\"@id\":\"https:\\\/\\\/www.edisons.nl\\\/jazz\\\/nieuws\\\/genomineerden-edisons-jazz-en-klassiek-2026-bekend\\\/#article\",\"isPartOf\":{\"@id\":\"https:\\\/\\\/www.edisons.nl\\\/jazz\\\/nieuws\\\/genomineerden-edisons-jazz-en-klassiek-2026-bekend\\\/\"},\"author\":{\"name\":\"sonja\",\"@id\":\"https:\\\/\\\/www.edisons.nl\\\/jazz\\\/#\\\/schema\\\/person\\\/3167dbe19f560d0410681566d03e57d0\"},\"headline\":\"Genomineerden Edisons Jazz en Klassiek 2026 bekend\",\"datePublished\":\"2026-09-02T15:58:29+00:00\",\"mainEntityOfPage\":{\"@id\":\"https:\\\/\\\/www.edisons.nl\\\/jazz\\\/nieuws\\\/genomineerden-edisons-jazz-en-klassiek-2026-bekend\\\/\"},\"wordCount\":494,\"commentCount\":0,\"articleSection\":[\"Nieuws\"],\"inLanguage\":\"nl-NL\",\"potentialAction\":[{\"@type\":\"CommentAction\",\"name\":\"Comment\",\"target\":[\"https:\\\/\\\/www.edisons.nl\\\/jazz\\\/nieuws\\\/genomineerden-edisons-jazz-en-klassiek-2026-bekend\\\/#respond\"]}]},{\"@type\":\"WebPage\",\"@id\":\"https:\\\/\\\/www.edisons.nl\\\/jazz\\\/nieuws\\\/genomineerden-edisons-jazz-en-klassiek-2026-bekend\\\/\",\"url\":\"https:\\\/\\\/www.edisons.nl\\\/jazz\\\/nieuws\\\/genomineerden-edisons-jazz-en-klassiek-2026-bekend\\\/\",\"name\":\"Genomineerden Edisons Jazz en Klassiek 2026 bekend - Edison Jazz\\\/World\",\"isPartOf\":{\"@id\":\"https:\\\/\\\/www.edisons.nl\\\/jazz\\\/#website\"},\"datePublished\":\"2026-09-02T15:58:29+00:00\",\"author\":{\"@id\":\"https:\\\/\\\/www.edisons.nl\\\/jazz\\\/#\\\/schema\\\/person\\\/3167dbe19f560d0410681566d03e57d0\"},\"breadcrumb\":{\"@id\":\"https:\\\/\\\/www.edisons.nl\\\/jazz\\\/nieuws\\\/genomineerden-edisons-jazz-en-klassiek-2026-bekend\\\/#breadcrumb\"},\"inLanguage\":\"nl-NL\",\"potentialAction\":[{\"@type\":\"ReadAction\",\"target\":[\"https:\\\/\\\/www.edisons.nl\\\/jazz\\\/nieuws\\\/genomineerden-edisons-jazz-en-klassiek-2026-bekend\\\/\"]}]},{\"@type\":\"BreadcrumbList\",\"@id\":\"https:\\\/\\\/www.edisons.nl\\\/jazz\\\/nieuws\\\/genomineerden-edisons-jazz-en-klassiek-2026-bekend\\\/#breadcrumb\",\"itemListElement\":[{\"@type\":\"ListItem\",\"position\":1,\"name\":\"Home\",\"item\":\"https:\\\/\\\/www.edisons.nl\\\/jazz\\\/\"},{\"@type\":\"ListItem\",\"position\":2,\"name\":\"Genomineerden Edisons Jazz en Klassiek 2026 bekend\"}]},{\"@type\":\"WebSite\",\"@id\":\"https:\\\/\\\/www.edisons.nl\\\/jazz\\\/#website\",\"url\":\"https:\\\/\\\/www.edisons.nl\\\/jazz\\\/\",\"name\":\"Edison Jazz\\\/World\",\"description\":\"Een andere Edisons site\",\"potentialAction\":[{\"@type\":\"SearchAction\",\"target\":{\"@type\":\"EntryPoint\",\"urlTemplate\":\"https:\\\/\\\/www.edisons.nl\\\/jazz\\\/?s={search_term_string}\"},\"query-input\":{\"@type\":\"PropertyValueSpecification\",\"valueRequired\":true,\"valueName\":\"search_term_string\"}}],\"inLanguage\":\"nl-NL\"},{\"@type\":\"Person\",\"@id\":\"https:\\\/\\\/www.edisons.nl\\\/jazz\\\/#\\\/schema\\\/person\\\/3167dbe19f560d0410681566d03e57d0\",\"name\":\"sonja\",\"image\":{\"@type\":\"ImageObject\",\"inLanguage\":\"nl-NL\",\"@id\":\"https:\\\/\\\/secure.gravatar.com\\\/avatar\\\/5001a46cee6cb6bb1c4b10e9cfd27eee80d5532880187d7aabd7166c21af1b21?s=96&d=mm&r=g\",\"url\":\"https:\\\/\\\/secure.gravatar.com\\\/avatar\\\/5001a46cee6cb6bb1c4b10e9cfd27eee80d5532880187d7aabd7166c21af1b21?s=96&d=mm&r=g\",\"contentUrl\":\"https:\\\/\\\/secure.gravatar.com\\\/avatar\\\/5001a46cee6cb6bb1c4b10e9cfd27eee80d5532880187d7aabd7166c21af1b21?s=96&d=mm&r=g\",\"caption\":\"sonja\"},\"url\":\"https:\\\/\\\/www.edisons.nl\\\/jazz\\\/author\\\/sonja\\\/\"}]}<\/script>\n<!-- \/ Yoast SEO plugin. -->","yoast_head_json":{"title":"Genomineerden Edisons Jazz en Klassiek 2026 bekend - Edison Jazz\/World","robots":{"index":"index","follow":"follow","max-snippet":"max-snippet:-1","max-image-preview":"max-image-preview:large","max-video-preview":"max-video-preview:-1"},"canonical":"https:\/\/www.edisons.nl\/jazz\/nieuws\/genomineerden-edisons-jazz-en-klassiek-2026-bekend\/","og_locale":"nl_NL","og_type":"article","og_title":"Genomineerden Edisons Jazz en Klassiek 2026 bekend - Edison Jazz\/World","og_description":"De genomineerden van de (in totaal) 13 Edison Jazz en Klassiek jury-categorie\u00ebn zijn bekend. In de categorie Nieuwkomer zijn de Nederlandse talenten Fee Aaij, Animato Quartet, Daan Kluwer en Shane van Neerden te vinden. Op 25 oktober zullen de bronzen beeldjes van Pieter d\u2019Hont worden overhandigd. Op 26 augustus werden de kandidaten voor de Edison...","og_url":"https:\/\/www.edisons.nl\/jazz\/nieuws\/genomineerden-edisons-jazz-en-klassiek-2026-bekend\/","og_site_name":"Edison Jazz\/World","article_published_time":"2026-09-02T15:58:29+00:00","author":"sonja","twitter_card":"summary_large_image","twitter_misc":{"Geschreven door":"sonja","Geschatte leestijd":"3 minuten"},"schema":{"@context":"https:\/\/schema.org","@graph":[{"@type":"Article","@id":"https:\/\/www.edisons.nl\/jazz\/nieuws\/genomineerden-edisons-jazz-en-klassiek-2026-bekend\/#article","isPartOf":{"@id":"https:\/\/www.edisons.nl\/jazz\/nieuws\/genomineerden-edisons-jazz-en-klassiek-2026-bekend\/"},"author":{"name":"sonja","@id":"https:\/\/www.edisons.nl\/jazz\/#\/schema\/person\/3167dbe19f560d0410681566d03e57d0"},"headline":"Genomineerden Edisons Jazz en Klassiek 2026 bekend","datePublished":"2026-09-02T15:58:29+00:00","mainEntityOfPage":{"@id":"https:\/\/www.edisons.nl\/jazz\/nieuws\/genomineerden-edisons-jazz-en-klassiek-2026-bekend\/"},"wordCount":494,"commentCount":0,"articleSection":["Nieuws"],"inLanguage":"nl-NL","potentialAction":[{"@type":"CommentAction","name":"Comment","target":["https:\/\/www.edisons.nl\/jazz\/nieuws\/genomineerden-edisons-jazz-en-klassiek-2026-bekend\/#respond"]}]},{"@type":"WebPage","@id":"https:\/\/www.edisons.nl\/jazz\/nieuws\/genomineerden-edisons-jazz-en-klassiek-2026-bekend\/","url":"https:\/\/www.edisons.nl\/jazz\/nieuws\/genomineerden-edisons-jazz-en-klassiek-2026-bekend\/","name":"Genomineerden Edisons Jazz en Klassiek 2026 bekend - Edison Jazz\/World","isPartOf":{"@id":"https:\/\/www.edisons.nl\/jazz\/#website"},"datePublished":"2026-09-02T15:58:29+00:00","author":{"@id":"https:\/\/www.edisons.nl\/jazz\/#\/schema\/person\/3167dbe19f560d0410681566d03e57d0"},"breadcrumb":{"@id":"https:\/\/www.edisons.nl\/jazz\/nieuws\/genomineerden-edisons-jazz-en-klassiek-2026-bekend\/#breadcrumb"},"inLanguage":"nl-NL","potentialAction":[{"@type":"ReadAction","target":["https:\/\/www.edisons.nl\/jazz\/nieuws\/genomineerden-edisons-jazz-en-klassiek-2026-bekend\/"]}]},{"@type":"BreadcrumbList","@id":"https:\/\/www.edisons.nl\/jazz\/nieuws\/genomineerden-edisons-jazz-en-klassiek-2026-bekend\/#breadcrumb","itemListElement":[{"@type":"ListItem","position":1,"name":"Home","item":"https:\/\/www.edisons.nl\/jazz\/"},{"@type":"ListItem","position":2,"name":"Genomineerden Edisons Jazz en Klassiek 2026 bekend"}]},{"@type":"WebSite","@id":"https:\/\/www.edisons.nl\/jazz\/#website","url":"https:\/\/www.edisons.nl\/jazz\/","name":"Edison Jazz\/World","description":"Een andere Edisons site","potentialAction":[{"@type":"SearchAction","target":{"@type":"EntryPoint","urlTemplate":"https:\/\/www.edisons.nl\/jazz\/?s={search_term_string}"},"query-input":{"@type":"PropertyValueSpecification","valueRequired":true,"valueName":"search_term_string"}}],"inLanguage":"nl-NL"},{"@type":"Person","@id":"https:\/\/www.edisons.nl\/jazz\/#\/schema\/person\/3167dbe19f560d0410681566d03e57d0","name":"sonja","image":{"@type":"ImageObject","inLanguage":"nl-NL","@id":"https:\/\/secure.gravatar.com\/avatar\/5001a46cee6cb6bb1c4b10e9cfd27eee80d5532880187d7aabd7166c21af1b21?s=96&d=mm&r=g","url":"https:\/\/secure.gravatar.com\/avatar\/5001a46cee6cb6bb1c4b10e9cfd27eee80d5532880187d7aabd7166c21af1b21?s=96&d=mm&r=g","contentUrl":"https:\/\/secure.gravatar.com\/avatar\/5001a46cee6cb6bb1c4b10e9cfd27eee80d5532880187d7aabd7166c21af1b21?s=96&d=mm&r=g","caption":"sonja"},"url":"https:\/\/www.edisons.nl\/jazz\/author\/sonja\/"}]}},"_links":{"self":[{"href":"https:\/\/www.edisons.nl\/jazz\/wp-json\/wp\/v2\/posts\/11593","targetHints":{"allow":["GET"]}}],"collection":[{"href":"https:\/\/www.edisons.nl\/jazz\/wp-json\/wp\/v2\/posts"}],"about":[{"href":"https:\/\/www.edisons.nl\/jazz\/wp-json\/wp\/v2\/types\/post"}],"author":[{"embeddable":true,"href":"https:\/\/www.edisons.nl\/jazz\/wp-json\/wp\/v2\/users\/5"}],"replies":[{"embeddable":true,"href":"https:\/\/www.edisons.nl\/jazz\/wp-json\/wp\/v2\/comments?post=11593"}],"version-history":[{"count":1,"href":"https:\/\/www.edisons.nl\/jazz\/wp-json\/wp\/v2\/posts\/11593\/revisions"}],"predecessor-version":[{"id":11595,"href":"https:\/\/www.edisons.nl\/jazz\/wp-json\/wp\/v2\/posts\/11593\/revisions\/11595"}],"wp:attachment":[{"href":"https:\/\/www.edisons.nl\/jazz\/wp-json\/wp\/v2\/media?parent=11593"}],"wp:term":[{"taxonomy":"category","embeddable":true,"href":"https:\/\/www.edisons.nl\/jazz\/wp-json\/wp\/v2\/categories?post=11593"},{"taxonomy":"post_tag","embeddable":true,"href":"https:\/\/www.edisons.nl\/jazz\/wp-json\/wp\/v2\/tags?post=11593"}],"curies":[{"name":"wp","href":"https:\/\/api.w.org\/{rel}","templated":true}]}}